{"id":739,"date":"2022-01-26T14:05:00","date_gmt":"2022-01-26T13:05:00","guid":{"rendered":"https:\/\/palenquivir.englobadigital.es\/?p=739"},"modified":"2023-03-29T11:51:35","modified_gmt":"2023-03-29T09:51:35","slug":"palenquivir-en-los-principales-periodicos","status":"publish","type":"post","link":"https:\/\/palenquivir.com\/es\/palenquivir-en-los-principales-periodicos\/","title":{"rendered":"Art\u00edculos de los principales medios sobre la presentaci\u00f3n."},"content":{"rendered":"\n<p>El proyecto se present\u00f3 el pasado 26 de enero de 2022, en un acto en los terrenos del Parque y que cont\u00f3 con la presencia de los representantes del Gobierno central, la Junta de Andaluc\u00eda, la Diputaci\u00f3n provincial y el Ayuntamiento palaciego, que participa tambi\u00e9n en Palenquivir. As\u00ed como, empresarios de la comarca, cooperativas, asociaciones agrarias, entidades sindicales, bancarias, inmobiliarias y consultoras.<\/p>\n\n\n\n<p>Palenquivir ser\u00e1 el tercer parque log\u00edstico y empresarial m\u00e1s grande e importante de la provincia de Sevilla, gracias a sus modernas infraestructuras, a su variada oferta de espacios y a sus m\u00e1s de 750.000 metros cuadrados ubicados estrat\u00e9gicamente al sur del n\u00facleo urbano y con una posici\u00f3n privilegiada para la actividad empresarial, la distribuci\u00f3n y el transporte. De hecho, ha sido catalogado con el eslogan de \u00abel centro del sur de Europa\u00bb.<\/p>\n\n\n\n<p><a href=\"https:\/\/www.diariodesevilla.es\/provincia\/palenquivir-centro-logistico-sevilla-los-palacios-video_0_1650736617.html\" target=\"_blank\" rel=\"noopener\">https:\/\/www.diariodesevilla.es\/provincia\/palenquivir-centro-logistico-sevilla-los-palacios-video_0_1650736617.html<\/a><\/p>\n\n\n\n<p><a href=\"https:\/\/elcorreoweb.es\/provincia\/palenquivir-con-75-hectareas-de-parque-empresarial-se-convertira-en-los-palacios-en-el-centro-del-sur-de-europa-LJ7694508\" target=\"_blank\" rel=\"noopener\">https:\/\/elcorreoweb.es\/provincia\/palenquivir-con-75-hectareas-de-parque-empresarial-se-convertira-en-los-palacios-en-el-centro-del-sur-de-europa-LJ7694508<\/a><\/p>\n\n\n\n<p><a href=\"https:\/\/sevilla.abc.es\/economia\/sevi-palenquivir-gran-parque-empresarial-ubicado-palacios-generara-mas-11000-empleos-202201261819_noticia.html\" target=\"_blank\" rel=\"noopener\">https:\/\/sevilla.abc.es\/economia\/sevi-palenquivir-gran-parque-empresarial-ubicado-palacios-generara-mas-11000-empleos-202201261819_noticia.html<\/a><\/p>\n\n\n\n<p><a href=\"https:\/\/www.europapress.es\/andalucia\/sevilla-00357\/noticia-marcha-palacios-sevilla-obras-futuro-parque-empresarial-logistico-palenquivir-20220126160431.html\" target=\"_blank\" rel=\"noopener\">https:\/\/www.europapress.es\/andalucia\/sevilla-00357\/noticia-marcha-palacios-sevilla-obras-futuro-parque-empresarial-logistico-palenquivir-20220126160431.html<\/a><\/p>\n\n\n\n<p><a href=\"https:\/\/www.logisticaprofesional.com\/texto-diario\/mostrar\/3420886\/palenquivir-sera-principales-parques-logisticos-provincia-sevilla\" target=\"_blank\" rel=\"noopener\">https:\/\/www.logisticaprofesional.com\/texto-diario\/mostrar\/3420886\/palenquivir-sera-principales-parques-logisticos-provincia-sevilla<\/a><\/p>\n\n\n\n<p><a href=\"https:\/\/www.20minutos.es\/noticia\/4948244\/0\/auge-mercado-logistico-impulsa-economia-provincia-sevilla\/\" target=\"_blank\" rel=\"noopener\">https:\/\/www.20minutos.es\/noticia\/4948244\/0\/auge-mercado-logistico-impulsa-economia-provincia-sevilla\/<\/a><\/p>\n\n\n\n<p><a href=\"https:\/\/www.cope.es\/emisoras\/andalucia\/sevilla-provincia\/noticias\/ayuntamiento-palaciego-promotora-grupo-rafael-lopez-sanchez-presentan-parque-logistico-palenquivir-20220131_1759209\" target=\"_blank\" rel=\"noopener\">https:\/\/www.cope.es\/emisoras\/andalucia\/sevilla-provincia\/noticias\/ayuntamiento-palaciego-promotora-grupo-rafael-lopez-sanchez-presentan-parque-logistico-palenquivir-20220131_1759209<\/a><\/p>\n\n\n\n<p><a href=\"https:\/\/www.asepavi.es\/actualidad\/62-presentacion-palenquivir\" target=\"_blank\" rel=\"noopener\">https:\/\/www.asepavi.es\/actualidad\/62-presentacion-palenquivir<\/a><\/p>\n","protected":false},"excerpt":{"rendered":"<p>El proyecto se present\u00f3 el pasado 26 de enero de 2022, en un acto en los terrenos del Parque y que cont\u00f3 con la presencia de los representantes del Gobierno central, la Junta de Andaluc\u00eda, la Diputaci\u00f3n provincial y el Ayuntamiento palaciego, que participa tambi\u00e9n en Palenquivir. As\u00ed como, empresarios de la comarca, cooperativas, asociaciones [&hellip;]<\/p>\n","protected":false},"author":8,"featured_media":1604,"comment_status":"closed","ping_status":"closed","sticky":false,"template":"","format":"standard","meta":{"footnotes":""},"categories":[40],"tags":[],"class_list":["post-739","post","type-post","status-publish","format-standard","has-post-thumbnail","hentry","category-prensa"],"_links":{"self":[{"href":"https:\/\/palenquivir.com\/es\/wp-json\/wp\/v2\/posts\/739","targetHints":{"allow":["GET"]}}],"collection":[{"href":"https:\/\/palenquivir.com\/es\/wp-json\/wp\/v2\/posts"}],"about":[{"href":"https:\/\/palenquivir.com\/es\/wp-json\/wp\/v2\/types\/post"}],"author":[{"embeddable":true,"href":"https:\/\/palenquivir.com\/es\/wp-json\/wp\/v2\/users\/8"}],"replies":[{"embeddable":true,"href":"https:\/\/palenquivir.com\/es\/wp-json\/wp\/v2\/comments?post=739"}],"version-history":[{"count":0,"href":"https:\/\/palenquivir.com\/es\/wp-json\/wp\/v2\/posts\/739\/revisions"}],"wp:featuredmedia":[{"embeddable":true,"href":"https:\/\/palenquivir.com\/es\/wp-json\/wp\/v2\/media\/1604"}],"wp:attachment":[{"href":"https:\/\/palenquivir.com\/es\/wp-json\/wp\/v2\/media?parent=739"}],"wp:term":[{"taxonomy":"category","embeddable":true,"href":"https:\/\/palenquivir.com\/es\/wp-json\/wp\/v2\/categories?post=739"},{"taxonomy":"post_tag","embeddable":true,"href":"https:\/\/palenquivir.com\/es\/wp-json\/wp\/v2\/tags?post=739"}],"curies":[{"name":"wp","href":"https:\/\/api.w.org\/{rel}","templated":true}]}}